{"id":92,"date":"2018-05-15T23:42:00","date_gmt":"2018-05-15T21:42:00","guid":{"rendered":"http:\/\/www.arciragazzibrescia.it\/?p=92"},"modified":"2018-05-15T23:43:29","modified_gmt":"2018-05-15T21:43:29","slug":"festival-della-danza-popolare","status":"publish","type":"post","link":"https:\/\/www.arciragazzibrescia.it\/en\/2018\/05\/15\/festival-della-danza-popolare\/","title":{"rendered":"Festival della Danza Popolare"},"content":{"rendered":"<p><img loading=\"lazy\" decoding=\"async\" class=\"wp-image-95 size-large aligncenter\" src=\"http:\/\/www.arciragazzibrescia.it\/wp-content\/uploads\/2018\/05\/IMG162-1024x768.jpg\" alt=\"\" width=\"640\" height=\"480\" srcset=\"https:\/\/www.arciragazzibrescia.it\/wp-content\/uploads\/2018\/05\/IMG162-1024x768.jpg 1024w, https:\/\/www.arciragazzibrescia.it\/wp-content\/uploads\/2018\/05\/IMG162-300x225.jpg 300w, https:\/\/www.arciragazzibrescia.it\/wp-content\/uploads\/2018\/05\/IMG162-768x576.jpg 768w, https:\/\/www.arciragazzibrescia.it\/wp-content\/uploads\/2018\/05\/IMG162-285x214.jpg 285w\" sizes=\"auto, (max-width: 640px) 100vw, 640px\" \/>Dall\u2019<strong>1 al 3 giugno<\/strong> Arciragazzi \u00e8 al\u00a0<em>Festival della Danza Popolare<\/em> del Salterio al <strong>Parco Castelli<\/strong>.<\/p>\n<p><strong>&#8220;Il Salterio&#8221;<\/strong> \u00e8 un\u2019associazione culturale che si occupa di danze popolari, attraverso le quali trasmette i valori delle varie culture che incontra, organizzando spettacoli, animazioni e corsi di danza. Momento culminante della loro attivit\u00e0 \u00e8 il Festival della danza popolare, che ogni anno si tiene al parco Castelli. Volete saperne di pi\u00f9? Visitate il sito\u00a0<a href=\"http:\/\/www.ilsalterio.net\">www.ilsalterio.net<\/a>.<\/p>\n<p><img loading=\"lazy\" decoding=\"async\" class=\"wp-image-93 aligncenter\" src=\"http:\/\/www.arciragazzibrescia.it\/wp-content\/uploads\/2018\/05\/salterio.png\" alt=\"\" width=\"108\" height=\"108\" \/><\/p>\n<p>A questo evento sempre molto bello e partecipato, <strong>Arciragazzi<\/strong> parteciper\u00e0 gestendo uno stand gastronomico \u00a0e organizzando giochi e laboratori nei momenti in cui non vi sono le loro attivit\u00e0.<\/p>\n<p>E\u2019 per la nostra associazione una bella occasione per farci conoscere, incontrare amici e associati e anche raccogliere fondi per le attivit\u00e0.<\/p>\n<p>Vi invitiamo a partecipare alla festa e a farne tutta la pubblicit\u00e0 che potete.<\/p>\n<p>Se poi avete voglia di rimboccarvi le maniche il vostro aiuto per gestire la cucina sar\u00e0 la cosa pi\u00f9 gradita.<\/p>\n<p>Telefonate o mandate una mail in associazione, vi contatteremo.<\/p>","protected":false},"excerpt":{"rendered":"<p>Dall\u20191 al 3 giugno Arciragazzi \u00e8 al\u00a0Festival della Danza Popolare del Salterio al Parco Castelli. &#8220;Il Salterio&#8221; \u00e8 un\u2019associazione culturale che si occupa di danze popolari, attraverso le quali trasmette i valori delle varie culture che incontra, organizzando spettacoli, animazioni e corsi di danza. Momento culminante della loro attivit\u00e0 \u00e8 il Festival della danza popolare, <a href=\"https:\/\/www.arciragazzibrescia.it\/en\/2018\/05\/15\/festival-della-danza-popolare\/\" rel=\"nofollow\"><span class=\"sr-only\">Read more about Festival della Danza Popolare<\/span>[&hellip;]<\/a><\/p>\n","protected":false},"author":1,"featured_media":93,"comment_status":"open","ping_status":"open","sticky":false,"template":"","format":"standard","meta":{"_monsterinsights_skip_tracking":false,"footnotes":""},"categories":[1],"tags":[],"class_list":["post-92","post","type-post","status-publish","format-standard","has-post-thumbnail","hentry","category-blog"],"_links":{"self":[{"href":"https:\/\/www.arciragazzibrescia.it\/en\/wp-json\/wp\/v2\/posts\/92","targetHints":{"allow":["GET"]}}],"collection":[{"href":"https:\/\/www.arciragazzibrescia.it\/en\/wp-json\/wp\/v2\/posts"}],"about":[{"href":"https:\/\/www.arciragazzibrescia.it\/en\/wp-json\/wp\/v2\/types\/post"}],"author":[{"embeddable":true,"href":"https:\/\/www.arciragazzibrescia.it\/en\/wp-json\/wp\/v2\/users\/1"}],"replies":[{"embeddable":true,"href":"https:\/\/www.arciragazzibrescia.it\/en\/wp-json\/wp\/v2\/comments?post=92"}],"version-history":[{"count":5,"href":"https:\/\/www.arciragazzibrescia.it\/en\/wp-json\/wp\/v2\/posts\/92\/revisions"}],"predecessor-version":[{"id":99,"href":"https:\/\/www.arciragazzibrescia.it\/en\/wp-json\/wp\/v2\/posts\/92\/revisions\/99"}],"wp:featuredmedia":[{"embeddable":true,"href":"https:\/\/www.arciragazzibrescia.it\/en\/wp-json\/wp\/v2\/media\/93"}],"wp:attachment":[{"href":"https:\/\/www.arciragazzibrescia.it\/en\/wp-json\/wp\/v2\/media?parent=92"}],"wp:term":[{"taxonomy":"category","embeddable":true,"href":"https:\/\/www.arciragazzibrescia.it\/en\/wp-json\/wp\/v2\/categories?post=92"},{"taxonomy":"post_tag","embeddable":true,"href":"https:\/\/www.arciragazzibrescia.it\/en\/wp-json\/wp\/v2\/tags?post=92"}],"curies":[{"name":"wp","href":"https:\/\/api.w.org\/{rel}","templated":true}]}}